{"id":72253,"date":"2022-11-18T10:40:44","date_gmt":"2022-11-18T09:40:44","guid":{"rendered":"https:\/\/gdes.com\/corporate\/?p=72253"},"modified":"2023-01-02T11:42:36","modified_gmt":"2023-01-02T10:42:36","slug":"90-aniversario-grupo-dominguis-energy-services","status":"publish","type":"post","link":"https:\/\/gdes.com\/corporate\/fr\/blog\/2022\/11\/18\/90-aniversario-grupo-dominguis-energy-services\/","title":{"rendered":"90 Anniversaire Grupo Dominguis Energy Services"},"content":{"rendered":"<p><strong>Grupo Dominguis Energy Services (GDES),<\/strong> groupe d\u2019entreprises international d\u2019origine valencienne pr\u00e9sid\u00e9 par <strong>Jos\u00e9 Dominguis Renard<\/strong> et dirig\u00e9 par <strong>H\u00e9ctor Dominguis P\u00e9rez<\/strong> en tant que CEO, c\u00e9l\u00e8bre ses 90 ans d\u2019histoire dans la prestation de services pour l\u2019industrie, notamment pour le secteur de l&rsquo;\u00e9nergie.<\/p>\n<p>Ce groupe, <strong>fond\u00e9 \u00e0 Valence en 1932<\/strong>, est actuellement leader en mati\u00e8re de services de soutien aux op\u00e9rations, maintenance et d\u00e9mant\u00e8lement, traitement des surfaces, logistique, efficacit\u00e9 \u00e9nerg\u00e9tique et transformation num\u00e9rique pour des secteurs industriels aussi divers que le nucl\u00e9aire, \u00e9olien, solaire photovolta\u00efque, m\u00e9tallurgique et bien d&rsquo;autres.\u00a0GDES est actuellement pr\u00e9sent dans 8 pays et dispose d\u2019une \u00e9quipe humaine hautement qualifi\u00e9e, avec laquelle il a atteint 84 millions d&rsquo;euros de chiffre d&rsquo;affaires en 2021.<\/p>\n<p><!--more--><\/p>\n<p>L\u2019histoire de cette entreprise familiale est l\u2019histoire de trois g\u00e9n\u00e9rations qui a commenc\u00e9 \u00e0 Pego (Alicante), au d\u00e9but du XXe si\u00e8cle et en plein milieu de la crise qui a suivi la Premi\u00e8re Guerre mondiale, lorsque Joaqu\u00edn Dominguis Cardona, comme beaucoup d\u2019autres jeunes de La Marina et de La Safor, a d\u00e9cid\u00e9 d\u2019\u00e9migrer aux \u00c9tats-Unis \u00e0 l\u2019\u00e2ge de 17 ans avec pour objectif de trouver une activit\u00e9 lui permettant d\u2019entreprendre pour son avenir.<\/p>\n<p><strong>Origine de Grupo Dominguis Energy Services<\/strong><\/p>\n<p><strong><img fetchpriority=\"high\" decoding=\"async\" class=\"alignleft wp-image-898 size-medium\" src=\"https:\/\/gdes.com\/corporate\/wp-content\/uploads\/sites\/5\/1932\/11\/Joaquin-Dominguis-1-300x200.jpg\" alt=\"\" width=\"300\" height=\"200\" srcset=\"https:\/\/gdes.com\/corporate\/wp-content\/uploads\/sites\/5\/1932\/11\/Joaquin-Dominguis-1-300x200.jpg 300w, https:\/\/gdes.com\/corporate\/wp-content\/uploads\/sites\/5\/1932\/11\/Joaquin-Dominguis-1.jpg 500w\" sizes=\"(max-width: 300px) 100vw, 300px\" \/><\/strong><\/p>\n<p><strong>Joaqu\u00edn Dominguis Cardona<\/strong> est rentr\u00e9 en Espagne en 1923 avec une id\u00e9e pr\u00e9cise d\u2019entreprise. Il cr\u00e9e sa propre entreprise de peinture \u00e0 Valence, en 1932, sous le nom de <strong>Pinturas J. Dominguis<\/strong>. Focalis\u00e9 sur son activit\u00e9 de peinture murale, il parvient \u00e0 participer \u00e0 de grands projets de la ville tels que la <em>Finca Roja<\/em>, le b\u00e2timent de la <em>Cooperativa de Agentes Comerciales<\/em> ou <em>Los Chalets de los Periodistas<\/em>.<\/p>\n<p>Avec le d\u00e9but de la guerre civile espagnole, <strong>Joaqu\u00edn Dominguis Cardona\u00a0<\/strong>est contraint \u00e0 l\u2019exil en Alg\u00e9rie, o\u00f9 il entre dans un camp de concentration, laissant derri\u00e8re lui son entreprise naissante, sa femme et ses quatre enfants. Il ne reviendra en Espagne qu\u2019en 1948 et en peu de temps, malgr\u00e9 les difficult\u00e9s de l\u2019\u00e9poque, il parvient \u00e0 relancer avec succ\u00e8s l\u2019activit\u00e9 de l\u2019entreprise, obtenant des contrats de peinture pour des constructions r\u00e9sidentielles et des contrats d\u2019entretien pour des b\u00e2timents uniques de la <em>Diputaci\u00f3n Provincial de Valencia<\/em> (Conseil de la Province de Valence) : <em>Teatro Principal<\/em>, <em>Plaza de Toros<\/em>, <em>Beneficencia<\/em>\u2026<\/p>\n<p>Au cours des ann\u00e9es 60 et sous la direction de <strong>Jos\u00e9 Dominguis Renard<\/strong> qui a rejoint l\u2019entreprise \u00e0 l\u2019\u00e2ge de 20 ans seulement, le domaine d\u2019activit\u00e9 de l\u2019entreprise est \u00e9largi, pour r\u00e9aliser des travaux de peinture et de rev\u00eatements dans les secteurs industriels (\u00e9lectrique, p\u00e9trolier, m\u00e9tallurgique, chimique) et naval (chantiers navals) et elle a consolid\u00e9 sa position de r\u00e9f\u00e9rence nationale dans ces secteurs. Son p\u00e8re, Joaqu\u00edn Dominguis Cardona et son fils a\u00een\u00e9, Joaqu\u00edn Dominguis Renard se sont consacr\u00e9 \u00e0 la peinture dans les travaux r\u00e9sidentiels jusqu\u2019\u00e0 la fin des ann\u00e9es 60.<\/p>\n<p><strong>Le saut nucl\u00e9aire et la consolidation de Grupo Dominguis<\/strong><\/p>\n<p><strong><img loading=\"lazy\" decoding=\"async\" class=\"aligncenter wp-image-72257 size-full\" src=\"https:\/\/gdes.com\/corporate\/wp-content\/uploads\/sites\/5\/2022\/11\/HDJD-01.jpg\" alt=\"\" width=\"2048\" height=\"1365\" srcset=\"https:\/\/gdes.com\/corporate\/wp-content\/uploads\/sites\/5\/2022\/11\/HDJD-01.jpg 2048w, https:\/\/gdes.com\/corporate\/wp-content\/uploads\/sites\/5\/2022\/11\/HDJD-01-300x200.jpg 300w, https:\/\/gdes.com\/corporate\/wp-content\/uploads\/sites\/5\/2022\/11\/HDJD-01-768x512.jpg 768w, https:\/\/gdes.com\/corporate\/wp-content\/uploads\/sites\/5\/2022\/11\/HDJD-01-1024x683.jpg 1024w\" sizes=\"(max-width: 2048px) 100vw, 2048px\" \/><\/strong><\/p>\n<p><strong>Jos\u00e9 Dominguis,<\/strong> en 1973 et sous le nom de <strong>Dominguis SL<\/strong>, d\u00e9cide d\u2019\u00e9voluer avec sa sp\u00e9cialisation vers d\u2019autres secteurs, voyant une opportunit\u00e9 dans le <strong>secteur nucl\u00e9aire<\/strong>, car \u00e0 cette \u00e9poque, la construction de la deuxi\u00e8me g\u00e9n\u00e9ration de centrales nucl\u00e9aires avait commenc\u00e9 en Espagne.<\/p>\n<p>Les exigences de qualit\u00e9 et de s\u00e9curit\u00e9 \u00e9taient tr\u00e8s \u00e9lev\u00e9es, mais ils les ont satisfaites et, en 1975, ont obtenu un contrat avec la centrale nucl\u00e9aire d\u2019Almaraz pour les services de peinture et de rev\u00eatements de ses b\u00e2timents et installations puis, en 1978, le contrat de Cofrentes, et plus tard \u00e9galement \u00e0 Trillo et Vandell\u00f3s II.<\/p>\n<p><strong><img decoding=\"async\" class=\"alignleft wp-image-4727 size-medium\" src=\"https:\/\/gdes.com\/corporate\/wp-content\/uploads\/sites\/5\/1977\/09\/lainsa-1-300x144.jpg\" alt=\"\" width=\"300\" height=\"144\" srcset=\"https:\/\/gdes.com\/corporate\/wp-content\/uploads\/sites\/5\/1977\/09\/lainsa-1-300x144.jpg 300w, https:\/\/gdes.com\/corporate\/wp-content\/uploads\/sites\/5\/1977\/09\/lainsa-1.jpg 537w\" sizes=\"(max-width: 300px) 100vw, 300px\" \/><\/strong>Une fois install\u00e9s \u00e0 Almaraz, ils ont pu observer les besoins en mati\u00e8re de maintenance et d\u2019assistance, qui ont \u00e9t\u00e9 n\u00e9cessaires lors des phases suivantes. Fid\u00e8le \u00e0 son esprit de croissance et de diversification, <strong>Grupo Dominguis constitue en 1977 l\u2019entreprise LAINSA <\/strong>(acronyme en espagnol de \u00ab\u00a0Logistique et conditionnement industriel, S.A.\u00a0\u00bb), ax\u00e9e sur les travaux de nettoyages industriels, tels que : eau \u00e0 haute pression, par absorption, chimique, cryog\u00e9nique, grenaillage, etc.<\/p>\n<p>L\u2019entreprise a continu\u00e9 \u00e0 \u00e9largir ses comp\u00e9tences en participant, petit \u00e0 petit, \u00e0 de nouveaux services couvrant l\u2019ensemble du cycle de vie des centrales nucl\u00e9aires. Des services de d\u00e9contamination, protection radiologique, gestion des d\u00e9chets, d\u00e9mant\u00e8lement et services d\u2019urgence. Elle a consolid\u00e9 sa position de groupe leader dans les services de soutien aux op\u00e9rations, \u00e0 la maintenance et au d\u00e9mant\u00e8lement dans l\u2019industrie nucl\u00e9aire espagnole.<\/p>\n<p><strong>De 2000 \u00e0 nos jours. Diversification, internationalisation et innovation<\/strong><\/p>\n<p><img loading=\"lazy\" decoding=\"async\" class=\"wp-image-38953 size-medium alignright\" src=\"https:\/\/gdes.com\/corporate\/wp-content\/uploads\/sites\/5\/2021\/11\/WhatsApp-Image-2021-08-24-at-15.16.15-5-225x300.jpeg\" alt=\"\" width=\"225\" height=\"300\" srcset=\"https:\/\/gdes.com\/corporate\/wp-content\/uploads\/sites\/5\/2021\/11\/WhatsApp-Image-2021-08-24-at-15.16.15-5-225x300.jpeg 225w, https:\/\/gdes.com\/corporate\/wp-content\/uploads\/sites\/5\/2021\/11\/WhatsApp-Image-2021-08-24-at-15.16.15-5-768x1024.jpeg 768w, https:\/\/gdes.com\/corporate\/wp-content\/uploads\/sites\/5\/2021\/11\/WhatsApp-Image-2021-08-24-at-15.16.15-5.jpeg 1200w\" sizes=\"(max-width: 225px) 100vw, 225px\" \/><\/p>\n<p>En 2005, la soci\u00e9t\u00e9 holding <strong>Grupo Dominguis <\/strong>\u00a0est constitu\u00e9e, int\u00e9grant toutes les soci\u00e9t\u00e9s du Groupe, <strong>Jos\u00e9 Dominguis <\/strong>\u00e9tant Pr\u00e9sident du conseil d\u2019administration et Directeur g\u00e9n\u00e9ral, jusqu\u2019\u00e0 ce qu\u2019en 2012 <strong>H\u00e9ctor Dominguis<\/strong>, Directeur g\u00e9n\u00e9ral du Groupe, assume le mandat de CEO, poursuivant la strat\u00e9gie de croissance et de diversification du Groupe.<\/p>\n<p>GDES est \u00e0 ce jour non seulement un leader en mati\u00e8re de services \u00e0 l\u2019industrie nucl\u00e9aire \u00e0 l\u2019\u00e9chelle europ\u00e9enne avec une pr\u00e9sence sur plus de 20% du parc nucl\u00e9aire fran\u00e7ais et avec des projets de d\u00e9mant\u00e8lement en Italie, en Su\u00e8de et au Royaume-Uni, mais il a \u00e9galement \u00e9largi ses services en travaillant dans de nouveaux secteurs tels que l\u2019\u00e9olien, la transformation num\u00e9rique et le solaire photovolta\u00efque, avec une pr\u00e9sence dans 9 pays : Espagne, France, Italie, Royaume-Uni, Su\u00e8de, Portugal, Panama, Mexique et \u00c9tats-Unis.<\/p>\n<p><strong>Strat\u00e9gies d&rsquo;avenir<\/strong><\/p>\n<p><img loading=\"lazy\" decoding=\"async\" class=\"aligncenter wp-image-72259 size-full\" src=\"https:\/\/gdes.com\/corporate\/wp-content\/uploads\/sites\/5\/2022\/11\/HD-27.jpg\" alt=\"\" width=\"1016\" height=\"678\" srcset=\"https:\/\/gdes.com\/corporate\/wp-content\/uploads\/sites\/5\/2022\/11\/HD-27.jpg 1016w, https:\/\/gdes.com\/corporate\/wp-content\/uploads\/sites\/5\/2022\/11\/HD-27-300x200.jpg 300w, https:\/\/gdes.com\/corporate\/wp-content\/uploads\/sites\/5\/2022\/11\/HD-27-768x513.jpg 768w\" sizes=\"(max-width: 1016px) 100vw, 1016px\" \/><\/p>\n<p>\u00c0 partir de 2020, GDES cherche \u00e0 consolider sa strat\u00e9gie dans les services ax\u00e9s sur la durabilit\u00e9 environnementale et d\u00e9cline sa strat\u00e9gie pour les prochaines d\u00e9cennies en 4 axes strat\u00e9giques ; la d\u00e9carbonation (fournir un service et soutenir toutes les sources d\u2019\u00e9nergie \u00e0 faible \u00e9mission de dioxyde de carbone), l\u2019efficacit\u00e9 \u00e9nerg\u00e9tique, pour promouvoir l\u2019autoconsommation et la r\u00e9duction de la consommation d\u2019\u00e9lectricit\u00e9 dans l\u2019industrie, la transformation num\u00e9rique, comme source d\u2019am\u00e9lioration de l\u2019efficacit\u00e9 et de r\u00e9duction du gaspillage ; et l\u2019\u00e9conomie circulaire pour promouvoir la revalorisation des d\u00e9chets et leur r\u00e9insertion dans les processus industriels.<\/p>\n<p>Une \u00e9volution en qu\u00eate de durabilit\u00e9, tant sur le plan commercial qu\u2019environnemental, rendue possible par les valeurs promues par son fondateur <strong>Joaqu\u00edn Dominguis Cardona<\/strong> d\u00e8s 1932 et transmises de g\u00e9n\u00e9ration en g\u00e9n\u00e9ration : le besoin de fournir une valeur ajout\u00e9e, les vertus d\u2019un bon service \u00e0 la client\u00e8le et l\u2019innovation comme facteur de diff\u00e9renciation.<\/p>\n<p>&nbsp;<\/p>\n<p><strong>\u00a0<\/strong><\/p>","protected":false},"excerpt":{"rendered":"<p>D\u00e9sol\u00e9, cet article est seulement disponible en Espa\u00f1ol.<\/p>\n","protected":false},"author":3,"featured_media":79303,"comment_status":"closed","ping_status":"closed","sticky":false,"template":"","format":"standard","meta":{"footnotes":""},"categories":[5],"tags":[111],"class_list":["post-72253","post","type-post","status-publish","format-standard","has-post-thumbnail","hentry","category-gdes","tag-espana"],"aioseo_notices":[],"_links":{"self":[{"href":"https:\/\/gdes.com\/corporate\/fr\/wp-json\/wp\/v2\/posts\/72253","targetHints":{"allow":["GET"]}}],"collection":[{"href":"https:\/\/gdes.com\/corporate\/fr\/wp-json\/wp\/v2\/posts"}],"about":[{"href":"https:\/\/gdes.com\/corporate\/fr\/wp-json\/wp\/v2\/types\/post"}],"author":[{"embeddable":true,"href":"https:\/\/gdes.com\/corporate\/fr\/wp-json\/wp\/v2\/users\/3"}],"replies":[{"embeddable":true,"href":"https:\/\/gdes.com\/corporate\/fr\/wp-json\/wp\/v2\/comments?post=72253"}],"version-history":[{"count":15,"href":"https:\/\/gdes.com\/corporate\/fr\/wp-json\/wp\/v2\/posts\/72253\/revisions"}],"predecessor-version":[{"id":243495,"href":"https:\/\/gdes.com\/corporate\/fr\/wp-json\/wp\/v2\/posts\/72253\/revisions\/243495"}],"wp:featuredmedia":[{"embeddable":true,"href":"https:\/\/gdes.com\/corporate\/fr\/wp-json\/wp\/v2\/media\/79303"}],"wp:attachment":[{"href":"https:\/\/gdes.com\/corporate\/fr\/wp-json\/wp\/v2\/media?parent=72253"}],"wp:term":[{"taxonomy":"category","embeddable":true,"href":"https:\/\/gdes.com\/corporate\/fr\/wp-json\/wp\/v2\/categories?post=72253"},{"taxonomy":"post_tag","embeddable":true,"href":"https:\/\/gdes.com\/corporate\/fr\/wp-json\/wp\/v2\/tags?post=72253"}],"curies":[{"name":"wp","href":"https:\/\/api.w.org\/{rel}","templated":true}]}}