{"id":70073,"date":"2022-05-19T11:28:18","date_gmt":"2022-05-19T10:28:18","guid":{"rendered":"https:\/\/gdes.com\/corporate\/?p=70073"},"modified":"2022-05-19T11:35:12","modified_gmt":"2022-05-19T10:35:12","slug":"gdes-se-convierte-en-socio-signatory-del-pacto-mundial-de-las-naciones-unidas","status":"publish","type":"post","link":"https:\/\/gdes.com\/corporate\/fr\/blog\/2022\/05\/19\/gdes-se-convierte-en-socio-signatory-del-pacto-mundial-de-las-naciones-unidas\/","title":{"rendered":"GDES devient signataire du Pacte mondial des Nations Unies"},"content":{"rendered":"<p>GDES fait partie du<strong>&nbsp;<\/strong><a title=\"https:\/\/www.unglobalcompact.org\/\" href=\"https:\/\/www.unglobalcompact.org\/\" target=\"_blank\" rel=\"noopener\" data-cke-saved-href=\"https:\/\/www.unglobalcompact.org\/\" data-interception=\"off\"><span class=\"fontColorBlue\">R\u00e9seau espagnol du Pacte mondial des Nations Unies<\/span><\/a><a title=\"https:\/\/www.unglobalcompact.org\/\" href=\"https:\/\/www.unglobalcompact.org\/\" target=\"_blank\" rel=\"noopener\" data-cke-saved-href=\"https:\/\/www.unglobalcompact.org\/\" data-interception=\"off\">&nbsp;<\/a>depuis plus de 10 ans.&nbsp;Une initiative internationale qui encourage la mise en \u0153uvre de&nbsp;<a title=\"https:\/\/www.unglobalcompact.org\/sdgs\/global-goals-in-action\" href=\"https:\/\/www.unglobalcompact.org\/sdgs\/global-goals-in-action\" target=\"_blank\" rel=\"noopener\" data-cke-saved-href=\"https:\/\/www.unglobalcompact.org\/sdgs\/global-goals-in-action\" data-interception=\"off\"><span class=\"fontColorBlue\">principes<\/span><\/a>&nbsp;universellement accept\u00e9s pour r\u00e9aliser des actions de responsabilit\u00e9 sociale des entreprises (RSE).<\/p>\n<p>\u00c0 GDES, nous avons d\u00e9cid\u00e9 d\u2019accro\u00eetre le poids de notre collaboration en \u00e9largissant cet engagement \u00e0 l\u2019\u00e9chelle du groupe, y compris \u00e0 toutes ses soci\u00e9t\u00e9s \u00e0 participation majoritaire, et en passant d\u2019un r\u00f4le de signataire \u00e0 celui de partenaire de cette strat\u00e9gie globale pour la durabilit\u00e9.<\/p>\n<p><!--more--><\/p>\n<p>En tant qu\u2019entreprise mondiale, nous sommes tr\u00e8s conscients de l\u2019impact de nos activit\u00e9s sur l\u2019environnement et des diff\u00e9rentes r\u00e9percussions sur nos clients et nos employ\u00e9s ainsi que sur la communaut\u00e9 et l&rsquo;environnement dans lesquels nous d\u00e9veloppons nos services.<\/p>\n<p>Notre adh\u00e9sion implique l\u2019engagement de GDES \u00e0 int\u00e9grer le Pacte mondial et ses principes dans la strat\u00e9gie, la culture et les actions quotidiennes de notre entreprise, ainsi que de continuer \u00e0 nous engager dans des projets de coop\u00e9ration qui contribuent aux objectifs de d\u00e9veloppement plus larges des Nations Unies, notamment les Objectifs de d\u00e9veloppement durable, comme le d\u00e9montre le rapport sur la durabilit\u00e9 que nous publions chaque ann\u00e9e, conform\u00e9ment aux lignes directrices de transparence du Pacte mondial.<\/p>\n<p>&nbsp;<\/p>\n<p><a class=\"fasc-button fasc-size-large fasc-type-flat ico-fa fasc-ico-before fa-globe\" style=\"background-color: #5ca2df; color: #ffffff;\" target=\"_blank\" rel=\"nofollow noopener\" href=\"https:\/\/gdes.com\/corporate\/en\/compromiso-con-la-sostenibilidad\/\">&nbsp;D\u00e9couvrez notre engagement en mati\u00e8re de durabilit\u00e9<\/a><\/p>\n<div>\n<div>\n<h4 id=\"pacte-mondial-des-nations-unies\"><span class=\"fontColorBlue\"><br \/>\nPacte mondial des Nations Unies<\/span><\/h4>\n<\/div>\n<p>Aujourd\u2019hui, plus de 13 550 entreprises de 160 pays ont adh\u00e9r\u00e9 au Pacte mondial des Nations Unies depuis sa cr\u00e9ation en 2000. Cette initiative, la plus importante au monde en termes de durabilit\u00e9 des entreprises, est un appel aux entreprises et aux organisations pour qu\u2019elles alignent leurs activit\u00e9s commerciales afin de contribuer aux Objectifs de d\u00e9veloppement durable (ODD), en r\u00e9duisant ainsi les impacts n\u00e9gatifs. \u00c0 cette fin, elle offre un forum de discussion ouvert, au-del\u00e0 des fronti\u00e8res sectorielles et internationales, afin de relever les grands d\u00e9fis environnementaux et sociaux.<\/p>\n<\/div>\n<p><\/p>","protected":false},"excerpt":{"rendered":"<p>D\u00e9sol\u00e9, cet article est seulement disponible en Espa\u00f1ol.<\/p>\n","protected":false},"author":3,"featured_media":70074,"comment_status":"closed","ping_status":"closed","sticky":false,"template":"","format":"standard","meta":{"footnotes":""},"categories":[5],"tags":[111],"class_list":["post-70073","post","type-post","status-publish","format-standard","has-post-thumbnail","hentry","category-gdes","tag-espana"],"aioseo_notices":[],"_links":{"self":[{"href":"https:\/\/gdes.com\/corporate\/fr\/wp-json\/wp\/v2\/posts\/70073","targetHints":{"allow":["GET"]}}],"collection":[{"href":"https:\/\/gdes.com\/corporate\/fr\/wp-json\/wp\/v2\/posts"}],"about":[{"href":"https:\/\/gdes.com\/corporate\/fr\/wp-json\/wp\/v2\/types\/post"}],"author":[{"embeddable":true,"href":"https:\/\/gdes.com\/corporate\/fr\/wp-json\/wp\/v2\/users\/3"}],"replies":[{"embeddable":true,"href":"https:\/\/gdes.com\/corporate\/fr\/wp-json\/wp\/v2\/comments?post=70073"}],"version-history":[{"count":3,"href":"https:\/\/gdes.com\/corporate\/fr\/wp-json\/wp\/v2\/posts\/70073\/revisions"}],"predecessor-version":[{"id":70077,"href":"https:\/\/gdes.com\/corporate\/fr\/wp-json\/wp\/v2\/posts\/70073\/revisions\/70077"}],"wp:featuredmedia":[{"embeddable":true,"href":"https:\/\/gdes.com\/corporate\/fr\/wp-json\/wp\/v2\/media\/70074"}],"wp:attachment":[{"href":"https:\/\/gdes.com\/corporate\/fr\/wp-json\/wp\/v2\/media?parent=70073"}],"wp:term":[{"taxonomy":"category","embeddable":true,"href":"https:\/\/gdes.com\/corporate\/fr\/wp-json\/wp\/v2\/categories?post=70073"},{"taxonomy":"post_tag","embeddable":true,"href":"https:\/\/gdes.com\/corporate\/fr\/wp-json\/wp\/v2\/tags?post=70073"}],"curies":[{"name":"wp","href":"https:\/\/api.w.org\/{rel}","templated":true}]}}