{"id":390227,"date":"2026-04-27T13:36:09","date_gmt":"2026-04-27T12:36:09","guid":{"rendered":"https:\/\/gdes.com\/corporate\/?p=390227"},"modified":"2026-04-27T13:44:35","modified_gmt":"2026-04-27T12:44:35","slug":"gdes-wind-presenta-en-windeurope-2026-sus-soluciones-avanzadas-para-la-extension-de-la-vida-util-y-reciclaje-de-palas-eolicas","status":"publish","type":"post","link":"https:\/\/gdes.com\/corporate\/fr\/blog\/2026\/04\/27\/gdes-wind-presenta-en-windeurope-2026-sus-soluciones-avanzadas-para-la-extension-de-la-vida-util-y-reciclaje-de-palas-eolicas\/","title":{"rendered":"GDES Wind pr\u00e9sente \u00e0 WindEurope 2026 ses solutions avanc\u00e9es pour l\u2019allongement de la dur\u00e9e de vie et le recyclage des pales d\u2019\u00e9oliennes"},"content":{"rendered":"<p>WindEurope 2026 a r\u00e9uni \u00e0 Madrid plus de 16 000 professionnels du secteur \u00e9olien europ\u00e9en. GDES Wind y a occup\u00e9 une place centrale, partageant sa vision de l\u2019innovation, de la maintenance avanc\u00e9e et de l\u2019\u00e9conomie circulaire appliqu\u00e9e aux actifs \u00e9oliens.<\/p>\n<div>\n<p>Tout au long des trois jours du salon, le stand de GDES Wind s\u2019est impos\u00e9 comme un v\u00e9ritable point de rencontre pour les clients, partenaires et experts du secteur souhaitant d\u00e9couvrir jusqu\u2019o\u00f9 peut aller la r\u00e9paration sp\u00e9cialis\u00e9e des pales d\u2019\u00e9oliennes.<\/p>\n<\/div>\n<p><!--more--><\/p>\n<h3>La technologie au service de l\u2019inspection et de la r\u00e9paration des pales<\/h3>\n<p>L\u2019un des principaux p\u00f4les d\u2019int\u00e9r\u00eat du stand GDES Wind (H38, Hall 10) a \u00e9t\u00e9 son syst\u00e8me robotis\u00e9 d\u2019inspection interne des pales, une solution globale combinant technologies cloud, logiciel de gestion technique et un syst\u00e8me Crawler de derni\u00e8re g\u00e9n\u00e9ration. Cette approche permet d\u2019intervenir aussi bien \u00e0 distance que sur le terrain, tout en g\u00e9n\u00e9rant des enregistrements et des pr\u00e9rapports en temps r\u00e9el.<\/p>\n<div>\n<p>Cette capacit\u00e9 am\u00e9liore de mani\u00e8re significative la pr\u00e9cision et la tra\u00e7abilit\u00e9 des diagnostics, tout en optimisant l\u2019efficacit\u00e9 op\u00e9rationnelle et les d\u00e9lais d\u2019ex\u00e9cution des interventions des \u00e9quipes techniques \u2014 jusqu\u2019\u00e0 50 % \u2014 gr\u00e2ce \u00e0 la collecte imm\u00e9diate des donn\u00e9es et \u00e0 une prise de d\u00e9cision rapide pendant les inspections.<\/p>\n<p>Une technologie qui illustre concr\u00e8tement comment l\u2019innovation peut transformer les processus de maintenance \u00e9olienne, en r\u00e9duisant les risques, les co\u00fbts et les dur\u00e9es d\u2019intervention.<\/p>\n<\/div>\n<h2 data-start=\"3159\" data-end=\"3217\"><img fetchpriority=\"high\" decoding=\"async\" class=\"aligncenter size-full wp-image-390228\" src=\"https:\/\/gdes.com\/corporate\/wp-content\/uploads\/sites\/5\/2026\/04\/WhatsApp-Image-2026-04-27-at-13.10.16.jpeg\" alt=\"\" width=\"2040\" height=\"1536\" srcset=\"https:\/\/gdes.com\/corporate\/wp-content\/uploads\/sites\/5\/2026\/04\/WhatsApp-Image-2026-04-27-at-13.10.16.jpeg 2040w, https:\/\/gdes.com\/corporate\/wp-content\/uploads\/sites\/5\/2026\/04\/WhatsApp-Image-2026-04-27-at-13.10.16-300x226.jpeg 300w, https:\/\/gdes.com\/corporate\/wp-content\/uploads\/sites\/5\/2026\/04\/WhatsApp-Image-2026-04-27-at-13.10.16-1024x771.jpeg 1024w, https:\/\/gdes.com\/corporate\/wp-content\/uploads\/sites\/5\/2026\/04\/WhatsApp-Image-2026-04-27-at-13.10.16-768x578.jpeg 768w, https:\/\/gdes.com\/corporate\/wp-content\/uploads\/sites\/5\/2026\/04\/WhatsApp-Image-2026-04-27-at-13.10.16-1536x1157.jpeg 1536w\" sizes=\"(max-width: 2040px) 100vw, 2040px\" \/><\/h2>\n<h3>Technical Talks : quand l\u2019\u00ab irr\u00e9parable \u00bb retrouve une seconde vie<\/h3>\n<p>GDES Wind a \u00e9galement anim\u00e9 chaque jour ses <em>GDES Wind Technical Talks<\/em>, des sessions courtes et visuelles au cours desquelles les \u00e9quipes techniques ont pr\u00e9sent\u00e9 des cas r\u00e9els de r\u00e9cup\u00e9ration de pales pr\u00e9sentant des dommages structurels s\u00e9v\u00e8res, y compris des pales initialement class\u00e9es comme rebut.<\/p>\n<div>\n<p>Les interventions pr\u00e9sent\u00e9es comprenaient notamment :<\/p>\n<ul>\n<li>La r\u00e9paration de fractures de longerons carbone<\/li>\n<li>La reconstruction de pertes importantes de mat\u00e9riau<\/li>\n<li>La r\u00e9paration de fractures de pointe<\/li>\n<li>Des travaux sur des demi-coquilles structurelles<\/li>\n<li>La remise en service de pales hors exploitation<\/li>\n<\/ul>\n<p>Comme l\u2019a expliqu\u00e9 Sergio Mart\u00ednez, ing\u00e9nieur au sein de l\u2019\u00e9quipe technique de GDES Wind : <em>\u00ab dans de nombreux cas, des pales consid\u00e9r\u00e9es comme irr\u00e9parables peuvent de nouveau \u00eatre mises en exploitation gr\u00e2ce \u00e0 des techniques de r\u00e9paration sp\u00e9cialis\u00e9es, en apportant une r\u00e9elle valeur technique, \u00e9conomique et environnementale. \u00bb<\/em><\/p>\n<p>La participation de GDES Wind \u00e0 WindEurope 2026 confirme son positionnement en tant que sp\u00e9cialiste de la r\u00e9paration avanc\u00e9e des pales d\u2019\u00e9oliennes, en parfaite ad\u00e9quation avec les objectifs de durabilit\u00e9, de r\u00e9duction des d\u00e9chets et d\u2019optimisation des co\u00fbts partag\u00e9s par l\u2019ensemble du secteur \u00e9olien europ\u00e9en.<\/p>\n<p>Chez GDES, nous sommes fiers de participer activement \u00e0 des \u00e9v\u00e9nements de cette nature, qui favorisent le dialogue, la collaboration et le partage d\u2019expertise entre entreprises et institutions nationales et internationales, tout en contribuant au d\u00e9veloppement commercial du secteur.<\/p>\n<\/div>\n<p><img decoding=\"async\" class=\"aligncenter size-full wp-image-390233\" src=\"https:\/\/gdes.com\/corporate\/wp-content\/uploads\/sites\/5\/2026\/04\/WindEurope6-1.jpg\" alt=\"\" width=\"2040\" height=\"1536\" srcset=\"https:\/\/gdes.com\/corporate\/wp-content\/uploads\/sites\/5\/2026\/04\/WindEurope6-1.jpg 2040w, https:\/\/gdes.com\/corporate\/wp-content\/uploads\/sites\/5\/2026\/04\/WindEurope6-1-300x226.jpg 300w, https:\/\/gdes.com\/corporate\/wp-content\/uploads\/sites\/5\/2026\/04\/WindEurope6-1-1024x771.jpg 1024w, https:\/\/gdes.com\/corporate\/wp-content\/uploads\/sites\/5\/2026\/04\/WindEurope6-1-768x578.jpg 768w, https:\/\/gdes.com\/corporate\/wp-content\/uploads\/sites\/5\/2026\/04\/WindEurope6-1-1536x1157.jpg 1536w\" sizes=\"(max-width: 2040px) 100vw, 2040px\" \/><\/p>","protected":false},"excerpt":{"rendered":"<p>D\u00e9sol\u00e9, cet article est seulement disponible en Espa\u00f1ol.<\/p>\n","protected":false},"author":3,"featured_media":390241,"comment_status":"closed","ping_status":"closed","sticky":false,"template":"","format":"standard","meta":{"footnotes":""},"categories":[5,83,7],"tags":[72],"class_list":["post-390227","post","type-post","status-publish","format-standard","has-post-thumbnail","hentry","category-gdes","category-eolico","category-operativa","tag-fr"],"aioseo_notices":[],"_links":{"self":[{"href":"https:\/\/gdes.com\/corporate\/fr\/wp-json\/wp\/v2\/posts\/390227","targetHints":{"allow":["GET"]}}],"collection":[{"href":"https:\/\/gdes.com\/corporate\/fr\/wp-json\/wp\/v2\/posts"}],"about":[{"href":"https:\/\/gdes.com\/corporate\/fr\/wp-json\/wp\/v2\/types\/post"}],"author":[{"embeddable":true,"href":"https:\/\/gdes.com\/corporate\/fr\/wp-json\/wp\/v2\/users\/3"}],"replies":[{"embeddable":true,"href":"https:\/\/gdes.com\/corporate\/fr\/wp-json\/wp\/v2\/comments?post=390227"}],"version-history":[{"count":7,"href":"https:\/\/gdes.com\/corporate\/fr\/wp-json\/wp\/v2\/posts\/390227\/revisions"}],"predecessor-version":[{"id":390254,"href":"https:\/\/gdes.com\/corporate\/fr\/wp-json\/wp\/v2\/posts\/390227\/revisions\/390254"}],"wp:featuredmedia":[{"embeddable":true,"href":"https:\/\/gdes.com\/corporate\/fr\/wp-json\/wp\/v2\/media\/390241"}],"wp:attachment":[{"href":"https:\/\/gdes.com\/corporate\/fr\/wp-json\/wp\/v2\/media?parent=390227"}],"wp:term":[{"taxonomy":"category","embeddable":true,"href":"https:\/\/gdes.com\/corporate\/fr\/wp-json\/wp\/v2\/categories?post=390227"},{"taxonomy":"post_tag","embeddable":true,"href":"https:\/\/gdes.com\/corporate\/fr\/wp-json\/wp\/v2\/tags?post=390227"}],"curies":[{"name":"wp","href":"https:\/\/api.w.org\/{rel}","templated":true}]}}