{"id":256607,"date":"2025-03-12T09:59:33","date_gmt":"2025-03-12T08:59:33","guid":{"rendered":"https:\/\/gdes.com\/corporate\/?p=256607"},"modified":"2025-03-12T15:13:34","modified_gmt":"2025-03-12T14:13:34","slug":"bombeo-fotovoltaico-eficiencia-energetica-para-el-futuro-del-sector-agroalimentario","status":"publish","type":"post","link":"https:\/\/gdes.com\/corporate\/fr\/blog\/2025\/03\/12\/bombeo-fotovoltaico-eficiencia-energetica-para-el-futuro-del-sector-agroalimentario\/","title":{"rendered":"L&rsquo;\u00e9nergie solaire dans les h\u00f4pitaux : efficacit\u00e9 et durabilit\u00e9 dans le secteur de la sant\u00e9."},"content":{"rendered":"<p>La mise en \u0153uvre d&rsquo;\u00e9nergies renouvelables dans les infrastructures critiques, telles que les h\u00f4pitaux, est une tendance croissante qui r\u00e9pond \u00e0 la fois au besoin de durabilit\u00e9 et \u00e0 l&rsquo;optimisation des co\u00fbts d&rsquo;exploitation. Le secteur des soins de sant\u00e9 a besoin de solutions \u00e9nerg\u00e9tiques efficaces pour garantir l&rsquo;approvisionnement en \u00e9lectricit\u00e9 en toutes circonstances, minimiser la d\u00e9pendance vis-\u00e0-vis du r\u00e9seau et renforcer sa r\u00e9silience.<\/p>\n<p>Dans cet article, nous explorons et pr\u00e9sentons le cas d&rsquo;un h\u00f4pital de 30 000 m\u00b2 qui a opt\u00e9 pour une installation photovolta\u00efque de 200 kWc. Nous analysons les r\u00e9sultats obtenus en termes d&rsquo;efficacit\u00e9 \u00e9nerg\u00e9tique, de r\u00e9duction de l&#8217;empreinte environnementale et d&rsquo;\u00e9conomies. Nous montrons \u00e9galement comment l&rsquo;h\u00f4pital pr\u00e9voit de couvrir 20 % de sa consommation totale par l&rsquo;\u00e9nergie solaire, en amortissant l&rsquo;investissement en 3 ans.<\/p>\n<p><!--more--><\/p>\n<h3>Introduction<\/h3>\n<p>Avec une consommation d&rsquo;\u00e9nergie constante 24 heures sur 24, l&rsquo;\u00e9tablissement de sant\u00e9 \u00e9tudi\u00e9, un h\u00f4pital, avait besoin de solutions qui lui permettraient d&rsquo;am\u00e9liorer son efficacit\u00e9 sans compromettre la qualit\u00e9 du service.<\/p>\n<p>Cette \u00e9tude de cas sur l&rsquo;efficacit\u00e9 \u00e9nerg\u00e9tique montre les r\u00e9sultats de l&rsquo;installation d&rsquo;une centrale solaire de 200 kWp pour r\u00e9duire la d\u00e9pendance au r\u00e9seau et assurer un approvisionnement \u00e9nerg\u00e9tique plus durable et plus rentable :<\/p>\n<p><span data-ccp-props=\"{&quot;335559738&quot;:240,&quot;335559739&quot;:240}\">\u00a0<\/span><\/p>\n<h3>Caract\u00e9ristiques du syst\u00e8me<\/h3>\n<p><strong>Centrale photovolta\u00efque <\/strong><\/p>\n<ul>\n<li data-leveltext=\"\uf0b7\" data-font=\"Symbol\" data-listid=\"6\" data-list-defn-props=\"{&quot;335552541&quot;:1,&quot;335559685&quot;:720,&quot;335559991&quot;:360,&quot;469769226&quot;:&quot;Symbol&quot;,&quot;469769242&quot;:[8226],&quot;469777803&quot;:&quot;left&quot;,&quot;469777804&quot;:&quot;\uf0b7&quot;,&quot;469777815&quot;:&quot;multilevel&quot;}\" aria-setsize=\"-1\" data-aria-posinset=\"1\" data-aria-level=\"1\"><strong>Puissance install\u00e9e :<\/strong> 200 kWp.<\/li>\n<li data-leveltext=\"\uf0b7\" data-font=\"Symbol\" data-listid=\"6\" data-list-defn-props=\"{&quot;335552541&quot;:1,&quot;335559685&quot;:720,&quot;335559991&quot;:360,&quot;469769226&quot;:&quot;Symbol&quot;,&quot;469769242&quot;:[8226],&quot;469777803&quot;:&quot;left&quot;,&quot;469777804&quot;:&quot;\uf0b7&quot;,&quot;469777815&quot;:&quot;multilevel&quot;}\" aria-setsize=\"-1\" data-aria-posinset=\"1\" data-aria-level=\"1\"><strong>Type de panneaux : <\/strong>silicium monocristallin \u00e0 haut rendement.<\/li>\n<li data-leveltext=\"\uf0b7\" data-font=\"Symbol\" data-listid=\"6\" data-list-defn-props=\"{&quot;335552541&quot;:1,&quot;335559685&quot;:720,&quot;335559991&quot;:360,&quot;469769226&quot;:&quot;Symbol&quot;,&quot;469769242&quot;:[8226],&quot;469777803&quot;:&quot;left&quot;,&quot;469777804&quot;:&quot;\uf0b7&quot;,&quot;469777815&quot;:&quot;multilevel&quot;}\" aria-setsize=\"-1\" data-aria-posinset=\"1\" data-aria-level=\"1\"><strong>Capacit\u00e9 de production : <\/strong>production annuelle estim\u00e9e \u00e0 <strong>300 MWh. <\/strong><\/li>\n<\/ul>\n<h3><strong>Durabilit\u00e9 et r\u00e9duction des \u00e9missions Points \u00e0 prendre en consid\u00e9ration <\/strong><\/h3>\n<ul>\n<li data-leveltext=\"\uf0b7\" data-font=\"Symbol\" data-listid=\"6\" data-list-defn-props=\"{&quot;335552541&quot;:1,&quot;335559685&quot;:720,&quot;335559991&quot;:360,&quot;469769226&quot;:&quot;Symbol&quot;,&quot;469769242&quot;:[8226],&quot;469777803&quot;:&quot;left&quot;,&quot;469777804&quot;:&quot;\uf0b7&quot;,&quot;469777815&quot;:&quot;multilevel&quot;}\" aria-setsize=\"-1\" data-aria-posinset=\"4\" data-aria-level=\"1\"><strong>R\u00e9duction des \u00e9missions gr\u00e2ce au projet : <\/strong>environ<strong> 120 tonnes de CO\u2082 \u00e9vit\u00e9es<\/strong> <strong>chaque ann\u00e9e.<\/strong><\/li>\n<\/ul>\n<ul>\n<li data-leveltext=\"\uf0b7\" data-font=\"Symbol\" data-listid=\"6\" data-list-defn-props=\"{&quot;335552541&quot;:1,&quot;335559685&quot;:720,&quot;335559991&quot;:360,&quot;469769226&quot;:&quot;Symbol&quot;,&quot;469769242&quot;:[8226],&quot;469777803&quot;:&quot;left&quot;,&quot;469777804&quot;:&quot;\uf0b7&quot;,&quot;469777815&quot;:&quot;multilevel&quot;}\" aria-setsize=\"-1\" data-aria-posinset=\"5\" data-aria-level=\"1\"><strong>Autoconsommation r\u00e9alis\u00e9e :<\/strong> 20 % de la demande \u00e9nerg\u00e9tique de l&rsquo;h\u00f4pital est couverte par l&rsquo;\u00e9nergie solaire.<\/li>\n<\/ul>\n<p>L&rsquo;h\u00f4pital, qui fonctionne 8 760 heures par an, consomme beaucoup d&rsquo;\u00e9nergie pour assurer le fonctionnement des \u00e9quipements m\u00e9dicaux, de la climatisation et des services essentiels.<\/p>\n<p>L&rsquo;int\u00e9gration d&rsquo;une centrale photovolta\u00efque de 200 kWp permet une production annuelle estim\u00e9e \u00e0 300 MWh, ce qui r\u00e9duit consid\u00e9rablement la d\u00e9pendance au r\u00e9seau \u00e9lectrique conventionnel et les \u00e9missions de CO2.<\/p>\n<p>On estime que cette installation permet d&rsquo;\u00e9viter l&rsquo;\u00e9mission d&rsquo;environ 120 tonnes de CO2 par an, contribuant ainsi aux objectifs de d\u00e9carbonisation et de transition \u00e9nerg\u00e9tique du secteur des soins de sant\u00e9, en particulier dans le secteur public.<\/p>\n<p>La production photovolta\u00efque a \u00e9t\u00e9 simul\u00e9e en tenant compte de l&#8217;emplacement \u00e0 Valence, une province offrant des conditions optimales pour ce type de projet, ce qui maximise l&rsquo;efficacit\u00e9 du syst\u00e8me et garantit la meilleure performance de l&rsquo;installation.<\/p>\n<p><span data-ccp-props=\"{&quot;335559738&quot;:240,&quot;335559739&quot;:240}\">\u00a0<\/span><\/p>\n<p><strong>\u00c9conomies et efficacit\u00e9 op\u00e9rationnelle\u00a0<\/strong><\/p>\n<ul>\n<li data-leveltext=\"\uf0b7\" data-font=\"Symbol\" data-listid=\"7\" data-list-defn-props=\"{&quot;335552541&quot;:1,&quot;335559685&quot;:720,&quot;335559991&quot;:360,&quot;469769226&quot;:&quot;Symbol&quot;,&quot;469769242&quot;:[8226],&quot;469777803&quot;:&quot;left&quot;,&quot;469777804&quot;:&quot;\uf0b7&quot;,&quot;469777815&quot;:&quot;multilevel&quot;}\" aria-setsize=\"-1\" data-aria-posinset=\"1\" data-aria-level=\"1\"><strong>\u00c9conomies estim\u00e9es :<\/strong> 30 000 euros par an, sur la base d&rsquo;un prix de l&rsquo;\u00e9lectricit\u00e9 de 100 euros\/MWh.<\/li>\n<\/ul>\n<ul>\n<li data-leveltext=\"\uf0b7\" data-font=\"Symbol\" data-listid=\"7\" data-list-defn-props=\"{&quot;335552541&quot;:1,&quot;335559685&quot;:720,&quot;335559991&quot;:360,&quot;469769226&quot;:&quot;Symbol&quot;,&quot;469769242&quot;:[8226],&quot;469777803&quot;:&quot;left&quot;,&quot;469777804&quot;:&quot;\uf0b7&quot;,&quot;469777815&quot;:&quot;multilevel&quot;}\" aria-setsize=\"-1\" data-aria-posinset=\"2\" data-aria-level=\"1\"><strong>P\u00e9riode d&rsquo;amortissement : 3 ans,<\/strong> apr\u00e8s quoi l&rsquo;h\u00f4pital b\u00e9n\u00e9ficie d&rsquo;une \u00e9nergie pratiquement gratuite.<\/li>\n<\/ul>\n<ul>\n<li data-leveltext=\"\uf0b7\" data-font=\"Symbol\" data-listid=\"7\" data-list-defn-props=\"{&quot;335552541&quot;:1,&quot;335559685&quot;:720,&quot;335559991&quot;:360,&quot;469769226&quot;:&quot;Symbol&quot;,&quot;469769242&quot;:[8226],&quot;469777803&quot;:&quot;left&quot;,&quot;469777804&quot;:&quot;\uf0b7&quot;,&quot;469777815&quot;:&quot;multilevel&quot;}\" aria-setsize=\"-1\" data-aria-posinset=\"3\" data-aria-level=\"1\"><strong>Maintenance :<\/strong> co\u00fbts minimes en raison de la durabilit\u00e9 des panneaux solaires.<\/li>\n<\/ul>\n<p>D&rsquo;un point de vue \u00e9conomique, l&rsquo;installation de cette centrale photovolta\u00efque g\u00e9n\u00e8re des \u00e9conomies consid\u00e9rables sur la facture d&rsquo;\u00e9lectricit\u00e9 de l&rsquo;h\u00f4pital. On estime que 20 % de la consommation totale de l&rsquo;h\u00f4pital est couverte par l&rsquo;\u00e9nergie solaire, ce qui signifie une r\u00e9duction directe des co\u00fbts d&rsquo;exploitation. Avec un co\u00fbt de l&rsquo;\u00e9nergie de 100 \u20ac\/MWh, la production annuelle de 300 MWh repr\u00e9sente une \u00e9conomie annuelle d&rsquo;environ 30 000 \u20ac. De plus, gr\u00e2ce \u00e0 la durabilit\u00e9 et aux faibles co\u00fbts de maintenance des panneaux solaires, l&rsquo;investissement initial est amorti sur une p\u00e9riode d&rsquo;environ 3 ans, apr\u00e8s quoi l&rsquo;h\u00f4pital b\u00e9n\u00e9ficie d&rsquo;une \u00e9nergie compl\u00e9mentaire et de sa propre \u00e9nergie pratiquement sans frais.<\/p>\n<p><span data-ccp-props=\"{&quot;335559738&quot;:240,&quot;335559739&quot;:240}\">\u00a0<\/span><\/p>\n<p><strong>R\u00e9silience \u00e9nerg\u00e9tique et avantages suppl\u00e9mentaires <\/strong><\/p>\n<ul>\n<li data-leveltext=\"\uf0b7\" data-font=\"Symbol\" data-listid=\"8\" data-list-defn-props=\"{&quot;335552541&quot;:1,&quot;335559685&quot;:720,&quot;335559991&quot;:360,&quot;469769226&quot;:&quot;Symbol&quot;,&quot;469769242&quot;:[8226],&quot;469777803&quot;:&quot;left&quot;,&quot;469777804&quot;:&quot;\uf0b7&quot;,&quot;469777815&quot;:&quot;multilevel&quot;}\" aria-setsize=\"-1\" data-aria-posinset=\"1\" data-aria-level=\"1\"><strong>S\u00e9curit\u00e9 \u00e9nerg\u00e9tique accrue :<\/strong> la centrale photovolta\u00efque, associ\u00e9e \u00e0 des syst\u00e8mes de stockage, peut maintenir durablement et en toute s\u00e9curit\u00e9 le fonctionnement de l&rsquo;installation en cas de d\u00e9faillance du r\u00e9seau.<\/li>\n<\/ul>\n<ul>\n<li data-leveltext=\"\uf0b7\" data-font=\"Symbol\" data-listid=\"8\" data-list-defn-props=\"{&quot;335552541&quot;:1,&quot;335559685&quot;:720,&quot;335559991&quot;:360,&quot;469769226&quot;:&quot;Symbol&quot;,&quot;469769242&quot;:[8226],&quot;469777803&quot;:&quot;left&quot;,&quot;469777804&quot;:&quot;\uf0b7&quot;,&quot;469777815&quot;:&quot;multilevel&quot;}\" aria-setsize=\"-1\" data-aria-posinset=\"2\" data-aria-level=\"1\"><strong>Atteinte des objectifs climatiques :<\/strong> contribution \u00e0 la d\u00e9carbonisation et \u00e0 la r\u00e9duction de l&#8217;empreinte carbone dans le secteur des soins de sant\u00e9.<\/li>\n<\/ul>\n<p><span data-ccp-props=\"{&quot;335559738&quot;:240,&quot;335559739&quot;:240}\">\u00a0<\/span><\/p>\n<div id=\"attachment_250789\" style=\"width: 760px\" class=\"wp-caption aligncenter\"><img fetchpriority=\"high\" decoding=\"async\" aria-describedby=\"caption-attachment-250789\" class=\"wp-image-250789 size-large\" src=\"https:\/\/gdes.com\/corporate\/wp-content\/uploads\/sites\/5\/2025\/01\/IMG-20250110-WA0012-1024x768.jpg\" alt=\"Imagen de instalaci\u00f3n de de un sistema de almacenamiento energ\u00e9tico BESS (Battery Energy Storage System).\u00a0\" width=\"750\" height=\"563\" srcset=\"https:\/\/gdes.com\/corporate\/wp-content\/uploads\/sites\/5\/2025\/01\/IMG-20250110-WA0012-1024x768.jpg 1024w, https:\/\/gdes.com\/corporate\/wp-content\/uploads\/sites\/5\/2025\/01\/IMG-20250110-WA0012-300x225.jpg 300w, https:\/\/gdes.com\/corporate\/wp-content\/uploads\/sites\/5\/2025\/01\/IMG-20250110-WA0012-768x576.jpg 768w, https:\/\/gdes.com\/corporate\/wp-content\/uploads\/sites\/5\/2025\/01\/IMG-20250110-WA0012-1536x1152.jpg 1536w, https:\/\/gdes.com\/corporate\/wp-content\/uploads\/sites\/5\/2025\/01\/IMG-20250110-WA0012.jpg 1600w\" sizes=\"(max-width: 750px) 100vw, 750px\" \/><p id=\"caption-attachment-250789\" class=\"wp-caption-text\">Image d&rsquo;installation d&rsquo;un syst\u00e8me de stockage d&rsquo;\u00e9nergie BESS (Battery Energy Storage System).<\/p><\/div>\n<p>Au-del\u00e0 des \u00e9conomies et de la durabilit\u00e9, cette installation offre \u00e0 l&rsquo;h\u00f4pital une plus grande r\u00e9silience \u00e9nerg\u00e9tique. En cas de d\u00e9faillance du r\u00e9seau, la production photovolta\u00efque, associ\u00e9e \u00e0 des syst\u00e8mes de stockage, permet aux zones critiques telles que les salles d&rsquo;op\u00e9ration et les unit\u00e9s de soins intensifs de rester op\u00e9rationnelles. En outre, l&rsquo;image de l&rsquo;h\u00f4pital est renforc\u00e9e par l&rsquo;adoption d&rsquo;une approche \u00e9cologiquement engag\u00e9e, qui peut donner lieu \u00e0 des incitations et \u00e0 une reconnaissance dans le cadre de programmes de certification environnementale.<\/p>\n<p>&nbsp;<\/p>\n<h3>Conclusion<\/h3>\n<p>Ce cas d\u00e9montre que l&rsquo;\u00e9nergie solaire dans les h\u00f4pitaux n&rsquo;est pas seulement technologiquement faisable, mais aussi tr\u00e8s souhaitable. La combinaison des \u00e9conomies de co\u00fbts, de la durabilit\u00e9 et de la r\u00e9silience fait du photovolta\u00efque une solution strat\u00e9gique pour le secteur de la sant\u00e9.<\/p>\n<p>Avec l&rsquo;\u00e9volution constante de ces technologies et les progr\u00e8s des syst\u00e8mes de stockage, l&rsquo;int\u00e9gration des \u00e9nergies renouvelables dans les infrastructures critiques continuera sans aucun doute \u00e0 se d\u00e9velopper, et un mod\u00e8le plus efficace et plus durable pour les solutions \u00e9nerg\u00e9tiques dans le secteur des soins de sant\u00e9 devrait devenir la norme \u00e0 l&rsquo;avenir.<\/p>","protected":false},"excerpt":{"rendered":"<p>D\u00e9sol\u00e9, cet article est seulement disponible en Espa\u00f1ol.<\/p>\n","protected":false},"author":3,"featured_media":263079,"comment_status":"closed","ping_status":"closed","sticky":false,"template":"","format":"standard","meta":{"footnotes":""},"categories":[113,7],"tags":[],"class_list":["post-256607","post","type-post","status-publish","format-standard","has-post-thumbnail","hentry","category-eficiencia-energetica-y-fotovoltaica","category-operativa"],"aioseo_notices":[],"_links":{"self":[{"href":"https:\/\/gdes.com\/corporate\/fr\/wp-json\/wp\/v2\/posts\/256607","targetHints":{"allow":["GET"]}}],"collection":[{"href":"https:\/\/gdes.com\/corporate\/fr\/wp-json\/wp\/v2\/posts"}],"about":[{"href":"https:\/\/gdes.com\/corporate\/fr\/wp-json\/wp\/v2\/types\/post"}],"author":[{"embeddable":true,"href":"https:\/\/gdes.com\/corporate\/fr\/wp-json\/wp\/v2\/users\/3"}],"replies":[{"embeddable":true,"href":"https:\/\/gdes.com\/corporate\/fr\/wp-json\/wp\/v2\/comments?post=256607"}],"version-history":[{"count":8,"href":"https:\/\/gdes.com\/corporate\/fr\/wp-json\/wp\/v2\/posts\/256607\/revisions"}],"predecessor-version":[{"id":263092,"href":"https:\/\/gdes.com\/corporate\/fr\/wp-json\/wp\/v2\/posts\/256607\/revisions\/263092"}],"wp:featuredmedia":[{"embeddable":true,"href":"https:\/\/gdes.com\/corporate\/fr\/wp-json\/wp\/v2\/media\/263079"}],"wp:attachment":[{"href":"https:\/\/gdes.com\/corporate\/fr\/wp-json\/wp\/v2\/media?parent=256607"}],"wp:term":[{"taxonomy":"category","embeddable":true,"href":"https:\/\/gdes.com\/corporate\/fr\/wp-json\/wp\/v2\/categories?post=256607"},{"taxonomy":"post_tag","embeddable":true,"href":"https:\/\/gdes.com\/corporate\/fr\/wp-json\/wp\/v2\/tags?post=256607"}],"curies":[{"name":"wp","href":"https:\/\/api.w.org\/{rel}","templated":true}]}}