{"id":390227,"date":"2026-04-27T13:36:09","date_gmt":"2026-04-27T12:36:09","guid":{"rendered":"https:\/\/gdes.com\/corporate\/?p=390227"},"modified":"2026-04-27T13:44:35","modified_gmt":"2026-04-27T12:44:35","slug":"gdes-wind-presenta-en-windeurope-2026-sus-soluciones-avanzadas-para-la-extension-de-la-vida-util-y-reciclaje-de-palas-eolicas","status":"publish","type":"post","link":"https:\/\/gdes.com\/corporate\/es\/blog\/2026\/04\/27\/gdes-wind-presenta-en-windeurope-2026-sus-soluciones-avanzadas-para-la-extension-de-la-vida-util-y-reciclaje-de-palas-eolicas\/","title":{"rendered":"GDES Wind presenta en WindEurope 2026 sus soluciones avanzadas para la extensi\u00f3n de la vida \u00fatil y reciclaje de palas e\u00f3licas"},"content":{"rendered":"<p>WindEurope 2026 ha reunido en Madrid a m\u00e1s de 16.000 profesionales del sector e\u00f3lico europeo, y <strong>GDES Wind <\/strong>ha estado presente en el coraz\u00f3n del evento, compartiendo su visi\u00f3n sobre innovaci\u00f3n, mantenimiento avanzado y econom\u00eda circular aplicada a los activos e\u00f3licos.<\/p>\n<p>Durante los tres d\u00edas de feria, el stand de GDES Wind se ha convertido en un punto de encuentro para clientes, partners y expertos del sector interesados en conocer <strong>hasta d\u00f3nde puede llegar la reparaci\u00f3n especializada de palas e\u00f3licas<\/strong>.<\/p>\n<p><!--more--><\/p>\n<h3><strong>Tecnolog\u00eda aplicada a la inspecci\u00f3n y reparaci\u00f3n de palas<\/strong><\/h3>\n<p>Uno de los principales focos de atenci\u00f3n del stand de GDES Wind (H38, Hall 10) ha sido su sistema de inspecci\u00f3n robotizado para el interior de palas, una soluci\u00f3n integral que combina tecnolog\u00eda en la nube, software de gesti\u00f3n t\u00e9cnica y un sistema Crawler avanzado. Esta propuesta permite operar tanto en remoto como en campo, generando registros y preinformes en tiempo real. Gracias a ello, se incrementa de forma significativa la precisi\u00f3n y la trazabilidad de los diagn\u00f3sticos y se optimizan la eficiencia y los plazos de ejecuci\u00f3n de los trabajos de su personal t\u00e9cnico\u2014hasta en un 50 %\u2014 al facilitar la captura inmediata de datos y una toma de decisiones \u00e1gil durante el desarrollo de las inspecciones.<\/p>\n<p>Una tecnolog\u00eda que muestra de forma tangible c\u00f3mo la innovaci\u00f3n puede transformar los procesos de mantenimiento e\u00f3lico, reduciendo riesgos, costes y tiempos de intervenci\u00f3n.<\/p>\n<h2 data-start=\"3159\" data-end=\"3217\"><img fetchpriority=\"high\" decoding=\"async\" class=\"aligncenter size-full wp-image-390228\" src=\"https:\/\/gdes.com\/corporate\/wp-content\/uploads\/sites\/5\/2026\/04\/WhatsApp-Image-2026-04-27-at-13.10.16.jpeg\" alt=\"\" width=\"2040\" height=\"1536\" srcset=\"https:\/\/gdes.com\/corporate\/wp-content\/uploads\/sites\/5\/2026\/04\/WhatsApp-Image-2026-04-27-at-13.10.16.jpeg 2040w, https:\/\/gdes.com\/corporate\/wp-content\/uploads\/sites\/5\/2026\/04\/WhatsApp-Image-2026-04-27-at-13.10.16-300x226.jpeg 300w, https:\/\/gdes.com\/corporate\/wp-content\/uploads\/sites\/5\/2026\/04\/WhatsApp-Image-2026-04-27-at-13.10.16-1024x771.jpeg 1024w, https:\/\/gdes.com\/corporate\/wp-content\/uploads\/sites\/5\/2026\/04\/WhatsApp-Image-2026-04-27-at-13.10.16-768x578.jpeg 768w, https:\/\/gdes.com\/corporate\/wp-content\/uploads\/sites\/5\/2026\/04\/WhatsApp-Image-2026-04-27-at-13.10.16-1536x1157.jpeg 1536w\" sizes=\"(max-width: 2040px) 100vw, 2040px\" \/><\/h2>\n<h3><strong>Technical Talks: cuando lo \u201cirrecuperable\u201d obtiene una segunda vida<\/strong><\/h3>\n<p>Adem\u00e1s, GDES Wind ha celebrado diariamente sus <strong>GDES Wind Technical Talks<\/strong>, sesiones breves y visuales en las que el equipo t\u00e9cnico ha mostrado <strong>casos reales de recuperaci\u00f3n de palas con da\u00f1os estructurales severos<\/strong>, incluidas aquellas previamente clasificadas como <em>scrap<\/em>.<\/p>\n<p>Durante estas presentaciones se han expuesto intervenciones como:<\/p>\n<ul>\n<li>Reparaci\u00f3n de fracturas de viga de carbono<\/li>\n<li>Reconstrucci\u00f3n de grandes ausencias de material<\/li>\n<li>Reparaciones de fracturas de punta<\/li>\n<li>Trabajos en valvas estructurales<\/li>\n<li>Recuperaci\u00f3n de palas fuera de servicio<\/li>\n<\/ul>\n<p>Tal y como explic\u00f3 Sergio Mart\u00ednez, ingeniero del equipo t\u00e9cnico de GDES Wind, <em>\u201cen muchos casos, palas consideradas irrecuperables pueden volver a operar gracias a la reparaci\u00f3n especializada, aportando valor t\u00e9cnico, econ\u00f3mico y ambiental\u201d<\/em>.<\/p>\n<p>La participaci\u00f3n de GDES Wind en WindEurope 2026 refuerza su posicionamiento como <strong>especialista en reparaci\u00f3n avanzada de palas e\u00f3licas,<\/strong> en plena sinton\u00eda con los objetivos de sostenibilidad, reducci\u00f3n de residuos y optimizaci\u00f3n de costes que comparte el conjunto del sector e\u00f3lico europeo.<\/p>\n<p>Desde GDES, estamos orgullosos de participar activamente en encuentros como \u00e9ste, que impulsan el di\u00e1logo, la colaboraci\u00f3n y el intercambio de conocimiento entre empresas y entidades nacionales e internacionales, al tiempo que favorecen el desarrollo de oportunidades de negocio y la actividad comercial del sector.<\/p>\n<p><img decoding=\"async\" class=\"aligncenter size-full wp-image-390233\" src=\"https:\/\/gdes.com\/corporate\/wp-content\/uploads\/sites\/5\/2026\/04\/WindEurope6-1.jpg\" alt=\"\" width=\"2040\" height=\"1536\" srcset=\"https:\/\/gdes.com\/corporate\/wp-content\/uploads\/sites\/5\/2026\/04\/WindEurope6-1.jpg 2040w, https:\/\/gdes.com\/corporate\/wp-content\/uploads\/sites\/5\/2026\/04\/WindEurope6-1-300x226.jpg 300w, https:\/\/gdes.com\/corporate\/wp-content\/uploads\/sites\/5\/2026\/04\/WindEurope6-1-1024x771.jpg 1024w, https:\/\/gdes.com\/corporate\/wp-content\/uploads\/sites\/5\/2026\/04\/WindEurope6-1-768x578.jpg 768w, https:\/\/gdes.com\/corporate\/wp-content\/uploads\/sites\/5\/2026\/04\/WindEurope6-1-1536x1157.jpg 1536w\" sizes=\"(max-width: 2040px) 100vw, 2040px\" \/><\/p>","protected":false},"excerpt":{"rendered":"<p>WindEurope 2026 ha reunido en Madrid a m\u00e1s de 16.000 profesionales del sector e\u00f3lico europeo, y GDES Wind ha estado presente en el coraz\u00f3n del evento, compartiendo su visi\u00f3n sobre innovaci\u00f3n, mantenimiento avanzado y econom\u00eda circular aplicada a los activos e\u00f3licos. Durante los tres d\u00edas de feria, el stand de GDES Wind se ha convertido [&hellip;]<\/p>\n","protected":false},"author":3,"featured_media":390241,"comment_status":"closed","ping_status":"closed","sticky":false,"template":"","format":"standard","meta":{"footnotes":""},"categories":[5,83,7],"tags":[72],"class_list":["post-390227","post","type-post","status-publish","format-standard","has-post-thumbnail","hentry","category-gdes","category-eolico","category-operativa","tag-fr"],"aioseo_notices":[],"_links":{"self":[{"href":"https:\/\/gdes.com\/corporate\/es\/wp-json\/wp\/v2\/posts\/390227","targetHints":{"allow":["GET"]}}],"collection":[{"href":"https:\/\/gdes.com\/corporate\/es\/wp-json\/wp\/v2\/posts"}],"about":[{"href":"https:\/\/gdes.com\/corporate\/es\/wp-json\/wp\/v2\/types\/post"}],"author":[{"embeddable":true,"href":"https:\/\/gdes.com\/corporate\/es\/wp-json\/wp\/v2\/users\/3"}],"replies":[{"embeddable":true,"href":"https:\/\/gdes.com\/corporate\/es\/wp-json\/wp\/v2\/comments?post=390227"}],"version-history":[{"count":7,"href":"https:\/\/gdes.com\/corporate\/es\/wp-json\/wp\/v2\/posts\/390227\/revisions"}],"predecessor-version":[{"id":390254,"href":"https:\/\/gdes.com\/corporate\/es\/wp-json\/wp\/v2\/posts\/390227\/revisions\/390254"}],"wp:featuredmedia":[{"embeddable":true,"href":"https:\/\/gdes.com\/corporate\/es\/wp-json\/wp\/v2\/media\/390241"}],"wp:attachment":[{"href":"https:\/\/gdes.com\/corporate\/es\/wp-json\/wp\/v2\/media?parent=390227"}],"wp:term":[{"taxonomy":"category","embeddable":true,"href":"https:\/\/gdes.com\/corporate\/es\/wp-json\/wp\/v2\/categories?post=390227"},{"taxonomy":"post_tag","embeddable":true,"href":"https:\/\/gdes.com\/corporate\/es\/wp-json\/wp\/v2\/tags?post=390227"}],"curies":[{"name":"wp","href":"https:\/\/api.w.org\/{rel}","templated":true}]}}